{"id":543,"date":"2011-08-15T07:44:49","date_gmt":"2011-08-15T14:44:49","guid":{"rendered":"http:\/\/moni.se\/?p=543"},"modified":"2012-12-30T04:28:03","modified_gmt":"2012-12-30T11:28:03","slug":"semlan-och-gordon-svarta-hal-och-brustna-strangar","status":"publish","type":"post","link":"https:\/\/moni.se\/?p=543","title":{"rendered":"Semlan och Gordon &#8211; Svarta h\u00e5l och brustna str\u00e4ngar"},"content":{"rendered":"<p><strong><a href=\"https:\/\/moni.se\/wp-content\/uploads\/2011\/08\/SoG-gul.jpg\"><img loading=\"lazy\" decoding=\"async\" class=\"alignnone size-medium wp-image-544\" title=\"SoG-gul\" src=\"https:\/\/moni.se\/wp-content\/uploads\/2011\/08\/SoG-gul-209x300.jpg\" alt=\"SoG-gul\" width=\"209\" height=\"300\" srcset=\"https:\/\/moni.se\/wp-content\/uploads\/2011\/08\/SoG-gul-209x300.jpg 209w, https:\/\/moni.se\/wp-content\/uploads\/2011\/08\/SoG-gul-714x1024.jpg 714w, https:\/\/moni.se\/wp-content\/uploads\/2011\/08\/SoG-gul.jpg 1774w\" sizes=\"(max-width: 209px) 100vw, 209px\" \/><\/a><\/strong><\/p>\n<p>Yes! Jag fick till \u00e4ven fj\u00e4rde boken om Semlan och Gordon.<\/p>\n<p>Det \u00e4r det l\u00e4skigaste med att skriva serier. Man vet ju aldrig i f\u00f6rv\u00e4g om b\u00f6cker vill bli skrivna. \u00c5tminstone vet inte jag det. Vill de inte det \u00e4r det ingen id\u00e9 att ens f\u00f6rs\u00f6ka. D\u00e5 blir det bara s\u00f6kt och tr\u00e5kigt. B\u00e5de f\u00f6r l\u00e4saren och f\u00f6rfattaren. Jag kan i alla fall s\u00e4ga, utan ljug, att jag hade j\u00e4ttekul och lite sorgsligt n\u00e4r jag skrev om Svarta h\u00e5l och brustna str\u00e4ngar.<\/p>\n<p>Det \u00e4r inte alltid s\u00e5 l\u00e4tt att v\u00e4xa upp och st\u00e5 f\u00f6r den man \u00e4r.<\/p>\n<p>Ibland vet man ju inte ens det sj\u00e4lv, vem man \u00e4r, vad man gillar &#8230;<\/p>\n<p>Precis som i de andra b\u00f6ckerna handlar den h\u00e4r boken r\u00e4tt mycket om k\u00e4rlek:<\/p>\n<p>a) om lycklig k\u00e4rlek (Gordons)<br \/>\nb) om olycklig k\u00e4rlek (Semlans)<\/p>\n<p>Den handlar ocks\u00e5 om:<\/p>\n<p>c) att b\u00f6rja i sjuan<br \/>\nd) k\u00f6rtelfeber (som n\u00e4stan alla i hela skolan fick och som kunde h\u00e4rledas till en viss kysskola p\u00e5 Lindv\u00e4gen)<br \/>\ne) Kevin, en sjukt snygg granne<br \/>\nf) svarta h\u00e5l, b\u00e5de s\u00e5na som inte syns p\u00e5 himlen och s\u00e5na som k\u00e4nns inuti<br \/>\ng) str\u00e4ngar som b\u00e4r och som brister<\/p>\n<p><span style=\"font-size: small;\">Helt enkelt om tv\u00e5 m\u00e5nader i Semlans Nichlasdotter-Liljestrands inneh\u00e5llsrika liv!<\/span><\/p>\n<p><span style=\"font-size: small;\">Hon har f\u00f6rresten f\u00e5tt en <a href=\"http:\/\/www.facebook.com\/#!\/pages\/Semlan-och-Gordon\/215731631800541\">Facebooksida<\/a>.<\/span><\/p>\n<p><span style=\"font-size: small;\"> <\/span><span style=\"font-size: xx-small;\">D\u00e4r hoppas jag att vi kan blanda lite fantasi och verklighet. N\u00e5gra av Semlans kompisar fr\u00e5n b\u00f6ckerna \u00e4r hennes v\u00e4nner d\u00e4r. Kanske n\u00e5gon vill bli hennes v\u00e4n i n\u00e4sta bok? Kanske att vi kan skriva lite listor d\u00e4r tillsammans. Det tycker jag skulle vara roligt!<\/span><\/p>\n<p><strong>Jojo Br\u00e4nnstr\u00f6m<\/strong> har gjort omslaget<\/p>\n<p><strong>Natur och Kultur 2011<\/strong><\/p>\n<table style=\"cursor: default; background-color: #ffffff; border-bottom-width: 1px; border-bottom-style: dotted; border-bottom-color: #e50593; padding: 10px;\" border=\"0\" width=\"95%\">\n<tbody>\n<tr>\n<td style=\"color: #000000; font-size: 14px; cursor: text; font-family: Georgia; margin: 8px;\" width=\"*\">\n<blockquote>\n<p style=\"font-family: Georgia; font-size: 14px; padding: 0px; margin: 0px;\"><span style=\"font-family: Georgia; font-size: 14px; color: #000000;\">Boken \u00e4r otroligt rolig, galen och helt superbra. Den \u00e4r till och med b\u00e4ttre \u00e4n de f\u00f6rra (om det nu g\u00e5r&#8230;). ALLA M\u00c5STE L\u00c4SA DE H\u00c4R B\u00d6CKERNA!!!!!<\/span><\/p>\n<p style=\"font-family: Georgia; font-size: 14px; padding: 0px; margin: 0px;\"><span style=\"font-family: Georgia; font-size: 14px; color: #000000;\">Wellabokblogg<\/span><\/p>\n<\/blockquote>\n<\/td>\n<\/tr>\n<\/tbody>\n<\/table>\n","protected":false},"excerpt":{"rendered":"<p>Yes! Jag fick till \u00e4ven fj\u00e4rde boken om Semlan och Gordon. Det \u00e4r det l\u00e4skigaste med att skriva serier. Man vet ju aldrig i f\u00f6rv\u00e4g om b\u00f6cker vill bli skrivna. \u00c5tminstone vet inte jag det. Vill de inte det \u00e4r det ingen id\u00e9 att ens f\u00f6rs\u00f6ka. D\u00e5 blir det bara s\u00f6kt och tr\u00e5kigt. B\u00e5de f\u00f6r [&hellip;]<\/p>\n","protected":false},"author":1,"featured_media":0,"comment_status":"open","ping_status":"open","sticky":false,"template":"","format":"standard","meta":{"footnotes":""},"categories":[3],"tags":[],"class_list":["post-543","post","type-post","status-publish","format-standard","hentry","category-bocker"],"_links":{"self":[{"href":"https:\/\/moni.se\/index.php?rest_route=\/wp\/v2\/posts\/543"}],"collection":[{"href":"https:\/\/moni.se\/index.php?rest_route=\/wp\/v2\/posts"}],"about":[{"href":"https:\/\/moni.se\/index.php?rest_route=\/wp\/v2\/types\/post"}],"author":[{"embeddable":true,"href":"https:\/\/moni.se\/index.php?rest_route=\/wp\/v2\/users\/1"}],"replies":[{"embeddable":true,"href":"https:\/\/moni.se\/index.php?rest_route=%2Fwp%2Fv2%2Fcomments&post=543"}],"version-history":[{"count":0,"href":"https:\/\/moni.se\/index.php?rest_route=\/wp\/v2\/posts\/543\/revisions"}],"wp:attachment":[{"href":"https:\/\/moni.se\/index.php?rest_route=%2Fwp%2Fv2%2Fmedia&parent=543"}],"wp:term":[{"taxonomy":"category","embeddable":true,"href":"https:\/\/moni.se\/index.php?rest_route=%2Fwp%2Fv2%2Fcategories&post=543"},{"taxonomy":"post_tag","embeddable":true,"href":"https:\/\/moni.se\/index.php?rest_route=%2Fwp%2Fv2%2Ftags&post=543"}],"curies":[{"name":"wp","href":"https:\/\/api.w.org\/{rel}","templated":true}]}}