{"id":526,"date":"2011-08-15T07:25:53","date_gmt":"2011-08-15T14:25:53","guid":{"rendered":"http:\/\/moni.se\/?p=526"},"modified":"2011-08-15T10:40:43","modified_gmt":"2011-08-15T17:40:43","slug":"tanka-sig-att-jag-var-sa-dum","status":"publish","type":"post","link":"https:\/\/moni.se\/?p=526","title":{"rendered":"T\u00e4nka sig &#8230; att jag var s\u00e5 dum"},"content":{"rendered":"<p><a href=\"https:\/\/moni.se\/wp-content\/uploads\/2009\/08\/moni.jpg\"><img loading=\"lazy\" decoding=\"async\" class=\"alignnone size-full wp-image-212\" title=\"moni\" src=\"https:\/\/moni.se\/wp-content\/uploads\/2009\/08\/moni.jpg\" alt=\"moni\" width=\"240\" height=\"360\" srcset=\"https:\/\/moni.se\/wp-content\/uploads\/2009\/08\/moni.jpg 240w, https:\/\/moni.se\/wp-content\/uploads\/2009\/08\/moni-200x300.jpg 200w\" sizes=\"(max-width: 240px) 100vw, 240px\" \/><\/a><\/p>\n<p>att jag trodde att det skulle vara s\u00e5 l\u00e4tt att ha n\u00e5n typ av blogg \u2026<\/p>\n<p>&#8211; Du kommer aldrig att greja det, sa sonen som byggde den h\u00e4r sidan \u00e5t mig.<\/p>\n<p>&#8211; Klart jag g\u00f6r, sa jag. Hur sv\u00e5rt kan det vara att uppdatera en sida eller tv\u00e5 n\u00e5n g\u00e5ng i m\u00e5naden.<\/p>\n<p>&#8211; F\u00f6r dig, helt om\u00f6jligt, sa sonen utan alls den respekt och v\u00f6rdnad en son b\u00f6r visa sin morsa \u2026<\/p>\n<p>Tur att jag inte slog vad. D\u00e5 hade jag f\u00e5tt dyka med huvudet f\u00f6re i en g\u00f6dselstack, stoppa ner fingret i ett svart h\u00e5l i marken, d\u00e4r man inte vet vad som finns, eller vem som bor och eventuellt tycker det ser gott ut med en hand. Eller s\u00e5 hade jag f\u00e5tt sjunga (falsk) p\u00e5 Sergels Torg tills poliserna kom och tog mig.\u00a0 Det \u00e4r s\u00e5 vi g\u00f6r i min familj. Sl\u00e5r vad och klunsar om allt och inget. Mammor har ingen gr\u00e4ddfil. Sagt \u00e4r sagt och kluns \u00e4r kluns.<\/p>\n<p>Nu f\u00e5r jag bara sk\u00e4mmas &#8211; h\u00e4r.<\/p>\n<p>En blogg \u00e4r en bra plats att sk\u00e4mmas p\u00e5. D\u00e4r ser ingen ens sk\u00e4mr\u00f6da kinder och kanske \u00e4r det s\u00e5 att absolut ingenting av vikt har h\u00e4nt att skriva om?<\/p>\n<p>I s\u00e5 fall hade jag skrivit om:<\/p>\n<p>a) F\u00f6rfattarbes\u00f6k p\u00e5 Sardinien, i Moskva, \u00d6rebro, Norrk\u00f6ping, Nyk\u00f6ping<\/p>\n<p><a href=\"https:\/\/moni.se\/wp-content\/uploads\/2011\/08\/sardinien.JPG\"><img loading=\"lazy\" decoding=\"async\" class=\"alignnone size-medium wp-image-527\" title=\"sardinien\" src=\"https:\/\/moni.se\/wp-content\/uploads\/2011\/08\/sardinien-300x225.jpg\" alt=\"sardinien\" width=\"300\" height=\"225\" srcset=\"https:\/\/moni.se\/wp-content\/uploads\/2011\/08\/sardinien-300x225.jpg 300w, https:\/\/moni.se\/wp-content\/uploads\/2011\/08\/sardinien-1024x768.jpg 1024w\" sizes=\"(max-width: 300px) 100vw, 300px\" \/><\/a><\/p>\n<p><span style=\"font-size: 15.6px;\">b) alla fantastiska m\u00f6ten med mina l\u00e4sare<\/span><\/p>\n<p>c) alla fina brev<\/p>\n<blockquote><p><span style=\"font-family: Calibri;\">Hej!<br \/>\nMin dotter och jag l\u00e4ste precis i kv\u00e4ll ut boken Salmiak och Hedda och vi var b\u00e5da enormt sp\u00e4nda p\u00e5 hur det skulle g\u00e5! N\u00e4r vi l\u00e4st ut boken fick hon mig att &#8221;Lovalovalovalovaaaaaaaaaaaa&#8221; att jag skulle kolla upp om det finns en forts\u00e4ttning<\/span><span style=\"font-family: Calibri; font-size: 15.6px;\">.<\/span><\/p><\/blockquote>\n<blockquote><p>Tja Moni!<br \/>\nJag har l\u00e4st alla dina b\u00f6cker, \u00e4ven om jag \u00e4r 15 \u00e5r gammal s\u00e5 k\u00e4nns det s\u00e5 sk\u00f6nt och roligt att l\u00e4sa b\u00f6cker som Tsatsiki, Salmiak och framf\u00f6r allt Semlan och Gordon! Jag funderar sj\u00e4lv p\u00e5 att bli f\u00f6rfattare och jag undrar om du skulle kunna svara p\u00e5 lite fr\u00e5gor om b\u00f6cker och s\u00e5nnt.<\/p>\n<p><span style=\"font-size: 18px;\"> <\/span><\/p><\/blockquote>\n<p>d) b\u00f6ckerna jag har skrivit, f\u00f6r det har jag faktiskt gjort. B\u00e5de en ny Semlan \u201dSvarta h\u00e5l och brustna str\u00e4ngar\u201d och en ny Kompisen \u201dKompisen blir arg\u201d.\u00a0 B\u00e5da \u00e4r finaste fina, b\u00e5de att titta p\u00e5 och att h\u00e5lla i. Hoppas att de \u00e4r lika bra att l\u00e4sa.<\/p>\n<p><span style=\"font-size: 15.6px;\">e) Palatset, som faktiskt \u00f6ppnar snart, snart, snart!<\/span><\/p>\n<p><span style=\"font-size: 15.6px;\">Den 1 oktober sl\u00e5s portarna upp.<\/span><\/p>\n<p>Personligen tycker jag att det \u00e4r det coolaste som h\u00e4nt i Sverige s\u00e5 l\u00e4nge jag har levt.<\/p>\n<p>Att barn och unga ska f\u00e5 sitt alldeles egna kulturhus, och att de har varit med och byggt upp det.<\/p>\n<p>F\u00f6r bra f\u00f6r att vara sant helt enkelt!<\/p>\n<p>Att bygga ett Palats, att skriva b\u00f6cker och g\u00f6ra f\u00f6rfattarbes\u00f6k tar en del tid fr\u00e5n bloggandet.<\/p>\n<p>Kram<\/p>\n<p><span style=\"font-size: 15.6px;\">Moni<\/span><\/p>\n","protected":false},"excerpt":{"rendered":"<p>att jag trodde att det skulle vara s\u00e5 l\u00e4tt att ha n\u00e5n typ av blogg \u2026 &#8211; Du kommer aldrig att greja det, sa sonen som byggde den h\u00e4r sidan \u00e5t mig. &#8211; Klart jag g\u00f6r, sa jag. Hur sv\u00e5rt kan det vara att uppdatera en sida eller tv\u00e5 n\u00e5n g\u00e5ng i m\u00e5naden. &#8211; F\u00f6r [&hellip;]<\/p>\n","protected":false},"author":1,"featured_media":0,"comment_status":"open","ping_status":"open","sticky":false,"template":"","format":"standard","meta":{"footnotes":""},"categories":[10,1],"tags":[],"class_list":["post-526","post","type-post","status-publish","format-standard","hentry","category-nu-och-sen","category-uncategorized"],"_links":{"self":[{"href":"https:\/\/moni.se\/index.php?rest_route=\/wp\/v2\/posts\/526"}],"collection":[{"href":"https:\/\/moni.se\/index.php?rest_route=\/wp\/v2\/posts"}],"about":[{"href":"https:\/\/moni.se\/index.php?rest_route=\/wp\/v2\/types\/post"}],"author":[{"embeddable":true,"href":"https:\/\/moni.se\/index.php?rest_route=\/wp\/v2\/users\/1"}],"replies":[{"embeddable":true,"href":"https:\/\/moni.se\/index.php?rest_route=%2Fwp%2Fv2%2Fcomments&post=526"}],"version-history":[{"count":0,"href":"https:\/\/moni.se\/index.php?rest_route=\/wp\/v2\/posts\/526\/revisions"}],"wp:attachment":[{"href":"https:\/\/moni.se\/index.php?rest_route=%2Fwp%2Fv2%2Fmedia&parent=526"}],"wp:term":[{"taxonomy":"category","embeddable":true,"href":"https:\/\/moni.se\/index.php?rest_route=%2Fwp%2Fv2%2Fcategories&post=526"},{"taxonomy":"post_tag","embeddable":true,"href":"https:\/\/moni.se\/index.php?rest_route=%2Fwp%2Fv2%2Ftags&post=526"}],"curies":[{"name":"wp","href":"https:\/\/api.w.org\/{rel}","templated":true}]}}