{"id":503,"date":"2010-06-05T04:19:24","date_gmt":"2010-06-05T11:19:24","guid":{"rendered":"http:\/\/moni.se\/?p=503"},"modified":"2012-06-05T04:20:31","modified_gmt":"2012-06-05T11:20:31","slug":"bokarna","status":"publish","type":"post","link":"https:\/\/moni.se\/?p=503","title":{"rendered":"BOKarna"},"content":{"rendered":"<p><a href=\"https:\/\/moni.se\/wp-content\/uploads\/2010\/09\/C-F.jpg\"><img loading=\"lazy\" decoding=\"async\" class=\"alignnone size-full wp-image-504\" title=\"C F\" src=\"https:\/\/moni.se\/wp-content\/uploads\/2010\/09\/C-F.jpg\" alt=\"C F\" width=\"150\" height=\"150\" \/><\/a><\/p>\n<p style=\"margin-top: 0px; margin-right: 0px; margin-bottom: 1em; margin-left: 0px; line-height: 1.4em; padding: 0px;\">Wow!<\/p>\n<p style=\"margin-top: 0px; margin-right: 0px; margin-bottom: 1em; margin-left: 0px; line-height: 1.4em; padding: 0px;\">Jag hittar inget b\u00e4ttre ord f\u00f6r att beskriva Recklessfesten och jag kan inte annat \u00e4n att bli stolt och and\u00e4ktig. Det \u00e4r n\u00e4mligen n\u00e5got alldeles speciellt att f\u00e5 se sina visioner och dr\u00f6mmar v\u00e4xa och ta plats i den verkliga v\u00e4rlden. P\u00e5 andra sidan spegeln\u2026<\/p>\n<p style=\"margin-top: 0px; margin-right: 0px; margin-bottom: 1em; margin-left: 0px; line-height: 1.4em; padding: 0px;\">Recklessfesten var inte bara en v\u00e4ldigt lyckad releasefest f\u00f6r m\u00e5lgruppen. \u00a0Det var n\u00e5got mycket mer. Ett PALATSET i miniformat.<\/p>\n<p style=\"margin-top: 0px; margin-right: 0px; margin-bottom: 1em; margin-left: 0px; line-height: 1.4em; padding: 0px;\">&#8211; Det \u00e4r inte ofta man f\u00e5r vara med om n\u00e5got s\u00e5nt h\u00e4r, sa en kissn\u00f6dig kille i pausen mellan tv\u00e5 akter.<\/p>\n<p style=\"margin-top: 0px; margin-right: 0px; margin-bottom: 1em; margin-left: 0px; line-height: 1.4em; padding: 0px;\">&#8211; Och det kostar inget, sa en annan och mulade i sig sitt fj\u00e4rde k\u00f6ttspett.<\/p>\n<p style=\"margin-top: 0px; margin-right: 0px; margin-bottom: 1em; margin-left: 0px; line-height: 1.4em; padding: 0px;\">&#8211; Kultur \u00e4r fan sk\u00f6nt, sa en tredje och tr\u00e4ngde sig ner p\u00e5 det fullsatta golvet.<\/p>\n<p style=\"margin-top: 0px; margin-right: 0px; margin-bottom: 1em; margin-left: 0px; line-height: 1.4em; padding: 0px;\">&#8211; Det h\u00e4r \u00e4r bara b\u00f6rjan, sa en BOKare med glittrande \u00f6gon n\u00e4r hon sminkade av sig i logen.<\/p>\n<p style=\"margin-top: 0px; margin-right: 0px; margin-bottom: 1em; margin-left: 0px; line-height: 1.4em; padding: 0px;\">Sj\u00e4lv n\u00f6p jag mig i armen och t\u00e4nkte att n\u00e4sta \u00e5r har vi en riktig scen, v\u00e4rdig bes\u00f6karna, v\u00e4rdig sk\u00e5despelarna, regiss\u00f6ren, scenografen och smink\u00f6ren.<\/p>\n<p style=\"margin-top: 0px; margin-right: 0px; margin-bottom: 1em; margin-left: 0px; line-height: 1.4em; padding: 0px;\">Ja, det \u00e4r stort att g\u00f6ra n\u00e5got s\u00e5nt h\u00e4r, f\u00f6r det \u00e4r inte s\u00e5 ofta barn och ungdomar r\u00e4knas i v\u00e4rlden utanf\u00f6r spegeln. Att de blir inbjudna p\u00e5 coola kulturfester och f\u00e5r g\u00e5 hem med en fin tygkasse med ett rykande f\u00e4rskt ex av sin favoritf\u00f6rfattares nya bok.<\/p>\n<p style=\"margin-top: 0px; margin-right: 0px; margin-bottom: 1em; margin-left: 0px; line-height: 1.4em; padding: 0px;\">Men de senaste m\u00e5nadernas arbete har ocks\u00e5 varit ett experiment i hur man kan arbeta med litteraturen och v\u00e4cka l\u00e4slust. Ett experiment i att arbeta tillsammans med n\u00e4ringslivet, ett experiment i att l\u00e5ta ungdomarna\u00a0 vara med och ta ansvar i b\u00e5de id\u00e9arbete och i praktik. Ett experiment i att l\u00e5ta proffs arbeta med amat\u00f6rer, vuxna tillsammans med ungdomar. Och ungdomar tillsammans med ungdomar.<\/p>\n<p style=\"margin-top: 0px; margin-right: 0px; margin-bottom: 1em; margin-left: 0px; line-height: 1.4em; padding: 0px;\">Och det mina unga och gamla, och politiker och n\u00e4ringslivare och skolor och alla andra h\u00e4ngivna och tveksamma. Det g\u00e5r alldeles, alldeles UTM\u00c4RKT!<\/p>\n<p style=\"margin-top: 0px; margin-right: 0px; margin-bottom: 1em; margin-left: 0px; line-height: 1.4em; padding: 0px;\">Jag har sett blyga BOKare v\u00e4xa och agera p\u00e5 scen. Jag har sett ungdomar g\u00f6ra proffsiga intervjuer p\u00e5 engelska med v\u00e4rldsber\u00f6mda f\u00f6rfattare och jag har sett datan\u00f6rdar som b\u00f6rjat l\u00e4sa b\u00f6cker.\u00a0 Jag har till och med sett v\u00e5ra VIPPare p\u00e5 Kulturnyheterna. F\u00f6r en g\u00e5ngs skull r\u00e4knades barn\/ungdomskultur som kultur.\u00a0Bara det \u00e4r magiskt!<\/p>\n<p style=\"margin-top: 0px; margin-right: 0px; margin-bottom: 1em; margin-left: 0px; line-height: 1.4em; padding: 0px;\">Tack alla f\u00f6r en of\u00f6rgl\u00f6mlig kv\u00e4ll! \u2013 Men som sagt,\u00a0det h\u00e4r \u00e4r bara b\u00f6rjan \u2026<\/p>\n<p style=\"margin-top: 0px; margin-right: 0px; margin-bottom: 1em; margin-left: 0px; line-height: 1.4em; padding: 0px;\">Moni<\/p>\n<p style=\"margin-top: 0px; margin-right: 0px; margin-bottom: 1em; margin-left: 0px; line-height: 1.4em; padding: 0px;\">Kolla en bit av genrepet p\u00e5\u00a0<a style=\"outline-style: none; outline-width: initial; outline-color: initial; color: #b70000;\" href=\"http:\/\/svtplay.se\/v\/2146871\/kulturnyheterna\/14_9_22_35\" target=\"_blank\">Kulturnyheterna<\/a> \u00bb<\/p>\n<p style=\"margin-top: 0px; margin-right: 0px; margin-bottom: 1em; margin-left: 0px; line-height: 1.4em; padding: 0px;\"><a style=\"outline-style: none; outline-width: initial; outline-color: initial; color: #b70000;\" href=\"http:\/\/svtplay.se\/v\/2146871\/kulturnyheterna\/14_9_22_35\"><\/a>Se hela eventet p\u00e5 v\u00e5r lives\u00e4ndning \u00a0<a style=\"outline-style: none; outline-width: initial; outline-color: initial; color: #b70000;\" href=\"http:\/\/palatset.se\/live\">http:\/\/palatset.se\/live\/<\/a><\/p>\n","protected":false},"excerpt":{"rendered":"<p>Wow! Jag hittar inget b\u00e4ttre ord f\u00f6r att beskriva Recklessfesten och jag kan inte annat \u00e4n att bli stolt och and\u00e4ktig. Det \u00e4r n\u00e4mligen n\u00e5got alldeles speciellt att f\u00e5 se sina visioner och dr\u00f6mmar v\u00e4xa och ta plats i den verkliga v\u00e4rlden. P\u00e5 andra sidan spegeln\u2026 Recklessfesten var inte bara en v\u00e4ldigt lyckad releasefest f\u00f6r [&hellip;]<\/p>\n","protected":false},"author":1,"featured_media":0,"comment_status":"open","ping_status":"open","sticky":false,"template":"","format":"standard","meta":{"footnotes":""},"categories":[4],"tags":[],"class_list":["post-503","post","type-post","status-publish","format-standard","hentry","category-annat"],"_links":{"self":[{"href":"https:\/\/moni.se\/index.php?rest_route=\/wp\/v2\/posts\/503"}],"collection":[{"href":"https:\/\/moni.se\/index.php?rest_route=\/wp\/v2\/posts"}],"about":[{"href":"https:\/\/moni.se\/index.php?rest_route=\/wp\/v2\/types\/post"}],"author":[{"embeddable":true,"href":"https:\/\/moni.se\/index.php?rest_route=\/wp\/v2\/users\/1"}],"replies":[{"embeddable":true,"href":"https:\/\/moni.se\/index.php?rest_route=%2Fwp%2Fv2%2Fcomments&post=503"}],"version-history":[{"count":0,"href":"https:\/\/moni.se\/index.php?rest_route=\/wp\/v2\/posts\/503\/revisions"}],"wp:attachment":[{"href":"https:\/\/moni.se\/index.php?rest_route=%2Fwp%2Fv2%2Fmedia&parent=503"}],"wp:term":[{"taxonomy":"category","embeddable":true,"href":"https:\/\/moni.se\/index.php?rest_route=%2Fwp%2Fv2%2Fcategories&post=503"},{"taxonomy":"post_tag","embeddable":true,"href":"https:\/\/moni.se\/index.php?rest_route=%2Fwp%2Fv2%2Ftags&post=503"}],"curies":[{"name":"wp","href":"https:\/\/api.w.org\/{rel}","templated":true}]}}